{"id":983,"date":"2020-09-20T12:43:54","date_gmt":"2020-09-20T12:43:54","guid":{"rendered":"http:\/\/treschicdesigns.com\/blog\/?p=983"},"modified":"2020-09-19T09:05:53","modified_gmt":"2020-09-19T09:05:53","slug":"africaine-rencontre-paris","status":"publish","type":"post","link":"http:\/\/treschicdesigns.com\/blog\/2020\/09\/20\/africaine-rencontre-paris\/","title":{"rendered":"Africaine Rencontre Paris"},"content":{"rendered":"<p>Le 12 juin 2015 \u00e0 11:26, par h\u00e9l\u00e8ne cahn En r\u00e9ponse \u00e0 : Les r\u00e9unions des commissions sont r\u00e9serv\u00e9es aux adh\u00e9rents du CIAN Journ\u00e9es CPCCAF-la Maison de lAfrique-Barom\u00e8tre CPCCAF de lopinion des entreprises africaines 1112 mars 2019, Paris, France Voir Pour une belle rencontre et une relation amicale pour commencer.. Le Club des PPP et IDEAL Connaissances ont r\u00e9uni 500 participants, les 27 et 28 mars derniers, se r\u00e9unissent pour \u00e9changer par groupes dint\u00e9r\u00eat, Je vous retrouve o\u00f9 vous voulez et \u00e0 nimporte quelle heure. Il faut juste que le sache avant pour faire garder mes enfants par la voisine. Je nai pas le sexe \u00e9pil\u00e9 comme les femmes blanches, mais je nai pas beaucoup de poils. Je regarde ma messagerie tr\u00e8s souvent, car je suis sur le net pour chercher du travail. Contactez-moi et donnez-moi un rdv pour du sexe. <img decoding=\"async\" src=\"http:\/\/www.ladn.eu\/wp-content\/uploads\/2017\/02\/adicomdays_adn.png\" alt=\"africaine rencontre paris\" align=\"right\"> Alors que les entreprises font si souvent lobjet de critiques aussi partiales quinjustes, dans les m\u00e9dias comme dans lopinion, Total a su d\u00e9ployer une strat\u00e9gie de reconversion forte vers les \u00e9nergies renouvelables et prendre sa part de laction sociale. Il est devenu premier producteur d\u00e9nergie solaire en France. Comment g\u00e9rer son image, comment g\u00e9rer les crises, comment sadapter sous la contrainte du changement climatique, et comment convaincre lopinion et ses actionnaires? Comment continuer de se d\u00e9velopper en Afrique? Ce d\u00e9jeuner sera loccasion pour les participants den d\u00e9battre. Un rendez-vous \u00e0 ne pas manquer.  Post\u00e9 le Mardi 18 F\u00e9vrier 2020 \u00e0 16h02 par Ou\u00e9draogo Harouna  Cette r\u00e9union conviviale de lAssociation FRANCE NIGERIA, membre du CIAN, accueillera les participations de Charles REVET, s\u00e9nateur et Pr\u00e9sident du groupe interparlementaire damiti\u00e9 avec le Nigeria et R\u00e9gina Ubanatu, auteur de La petite fille qui dansait dans sa t\u00eate. <img decoding=\"async\" src=\"http:\/\/www.xmlsdbs.tk\/images\/stories\/redaction01\/230793_-_Mes_premiers_puzzles_3D_-_MIX_Montage_2_-_bd.jpg\" alt=\"africaine rencontre paris\" align=\"right\"> mantenancier, beninois, candide zankou passionn\u00e9 de linformatique.. Type : Alphab\u00e9tisation. Fran\u00e7ais Langue Etrang\u00e8re. Post\u00e9 le Dimanche 9 Juin 2019 \u00e0 16h53 par Abetojules <img decoding=\"async\" src=\"http:\/\/cdn-direct-editeurs.adtechnos.fr\/parutions\/9d\/9d15b52d68aff2abfa592875629efe99.jpg\" alt=\"africaine rencontre paris\" align=\"center\"> LAfrique en devenir : enjeux et d\u00e9fis du XXI\u00e8 si\u00e8cle  salut, je mappelle soufiane un jeune homme de 22ans qui aimerait correspondre avec tout le monde, jaime la musique, les rencontres, le voyage, aider mes proches..etc. Je vous laisse mon e-mail.<\/p>\n","protected":false},"excerpt":{"rendered":"<p>africaine rencontre paris<\/p>\n","protected":false},"author":1,"featured_media":0,"comment_status":"closed","ping_status":"closed","sticky":false,"template":"","format":"standard","meta":{"footnotes":""},"categories":[1],"tags":[],"class_list":["post-983","post","type-post","status-publish","format-standard","hentry","category-uncategorized"],"_links":{"self":[{"href":"http:\/\/treschicdesigns.com\/blog\/wp-json\/wp\/v2\/posts\/983","targetHints":{"allow":["GET"]}}],"collection":[{"href":"http:\/\/treschicdesigns.com\/blog\/wp-json\/wp\/v2\/posts"}],"about":[{"href":"http:\/\/treschicdesigns.com\/blog\/wp-json\/wp\/v2\/types\/post"}],"author":[{"embeddable":true,"href":"http:\/\/treschicdesigns.com\/blog\/wp-json\/wp\/v2\/users\/1"}],"replies":[{"embeddable":true,"href":"http:\/\/treschicdesigns.com\/blog\/wp-json\/wp\/v2\/comments?post=983"}],"version-history":[{"count":1,"href":"http:\/\/treschicdesigns.com\/blog\/wp-json\/wp\/v2\/posts\/983\/revisions"}],"predecessor-version":[{"id":984,"href":"http:\/\/treschicdesigns.com\/blog\/wp-json\/wp\/v2\/posts\/983\/revisions\/984"}],"wp:attachment":[{"href":"http:\/\/treschicdesigns.com\/blog\/wp-json\/wp\/v2\/media?parent=983"}],"wp:term":[{"taxonomy":"category","embeddable":true,"href":"http:\/\/treschicdesigns.com\/blog\/wp-json\/wp\/v2\/categories?post=983"},{"taxonomy":"post_tag","embeddable":true,"href":"http:\/\/treschicdesigns.com\/blog\/wp-json\/wp\/v2\/tags?post=983"}],"curies":[{"name":"wp","href":"https:\/\/api.w.org\/{rel}","templated":true}]}}