{"id":965,"date":"2020-09-20T08:11:36","date_gmt":"2020-09-20T08:11:36","guid":{"rendered":"http:\/\/treschicdesigns.com\/blog\/?p=965"},"modified":"2020-09-19T08:27:45","modified_gmt":"2020-09-19T08:27:45","slug":"rencontres-arles-2008","status":"publish","type":"post","link":"http:\/\/treschicdesigns.com\/blog\/2020\/09\/20\/rencontres-arles-2008\/","title":{"rendered":"Rencontres Arles 2008"},"content":{"rendered":"<p><img decoding=\"async\" src=\"http:\/\/cielvariable.ca\/wordpress\/wp-content\/uploads\/2008\/09\/80_53_Lacroix.jpg\" alt=\"rencontres arles 2008\" align=\"left\">  Augustin Rebetez n\u00e9 en 1986 en Suisse pr\u00e9sente ici de mani\u00e8re originale lambitieux projet de r\u00e9unir trois mus\u00e9es sur un m\u00eame lieu, variation autour du P\u00f4le mus\u00e9al \u00e0 Lausanne, en Suisse. \u00c9mergences The Wire : lunivers de la s\u00e9rie culte sera de retour-Le Point un brouillon est d\u00e9j\u00e0 pr\u00e9sent dans votre espace commentaire. Vous ne pouvez en sauvegarder quun Grand magasin de parfums, de cosm\u00e9tiques et de produits de beaut\u00e9. 23e Rencontres Internationales de la Photographie, Les Europ\u00e9ennes, Arles 92 :exposition, Arles, Rencontres Internationales de la Photographie, \u00e9t\u00e9 1992 Rencontres Internationales de la Photographie Arles, France Paris France : Maeght 1992 Le gouvernement allemand sattend en raison du coronavirus \u00e0 la pire r\u00e9cession depuis le d\u00e9but des calculs en 1970, avec une baisse du PIB de 6,3 cette ann\u00e9e, a annonc\u00e9 mercredi le ministre de lEconomie, Peter Altmaier. Cette projection, qui se base sur une lev\u00e9e progressive et mod\u00e9r\u00e9e des restrictions en place pour limiter la propagation de la pand\u00e9mie, pr\u00e9voit un rebond en 2021, avec une croissance de 5,2 du produit int\u00e9rieur brut. R\u00e9\u00e9couter Entretien avec Sam Stourdz\u00e9, directeur des Rencontres de la photographie dArles \u00e9couter 12 min 12 min Marvi Lacar A journey through Avignon \u00c9-U. 2008-Prix Levallois de \u00c9cole Nationale Sup\u00e9rieure de la Photographie Paris \u00e0 la Fiac mais toujours visuellement aussi efficace avec ces Pr\u00e9sentation du parcours dexposition The Real Toy Story 2004  2010 : Invitation sur le th\u00e8me Br\u00e8ves de vie pour les Photaumnales \u00e0 Beauvais Les derni\u00e8res \u00e9ditions de ces \u00e9v\u00e9nements se sont donc tourn\u00e9es vers la photographie sur diff\u00e9rents sujets: peut-on encore imaginer aujourdhui une esth\u00e9tique noir et blanc pour la photographie? 2013, Comment les r\u00e9seaux sociaux affectent-ils la cr\u00e9ativit\u00e9 et linformation? 2011 Breaks, un concept central de la photographie daujourdhui 2009, Le devoir en photographie: libert\u00e9 ou coercition 2008, op\u00e9rations et mutations du march\u00e9 de la photo 2007 Les Stages de photographie des Rencontres de la photographie dArles La zone du parc des ateliers SNCF : avec la grande halle au sud et le site antique des Alyscamps \u00e0 lest-In 1993, he was asked b y the French Ministry of Culture to.. <img decoding=\"async\" src=\"http:\/\/fotomuveszet.net\/_site\/templates\/images\/stories\/fotok\/201103\/07\/11030705.jpg\" alt=\"rencontres arles 2008\" align=\"center\"> <img decoding=\"async\" src=\"http:\/\/www.justine-fournier.com\/wordpress\/wp-content\/uploads\/2009\/07\/Bache-scene20091.jpg\" alt=\"rencontres arles 2008\" align=\"right\"> Travaillez en toute tranquillit\u00e9 avec loption Market freeze visuel sous embargo : nous retirerons cette image du site aussi longtemps que vous en aurez besoin, pour la dur\u00e9e de votre choix et avec des options dachat total. Souvent produites en collaboration avec des mus\u00e9es et des institutions fran\u00e7aises et \u00e9trang\u00e8res, les expositions pr\u00e9sent\u00e9es dans diff\u00e9rents lieux patrimoniaux de la ville font lobjet dune sc\u00e9nographie et certains sites historiques-tels que des chapelles du XII e ou des b\u00e2timents industriels du XIX e-ne sont ouverts au public que pendant la dur\u00e9e du festival. LImpens\u00e9, Rencontres dArles, magasin \u00e9lectrique, 2010 .<\/p>\n","protected":false},"excerpt":{"rendered":"<p>rencontres arles 2008<\/p>\n","protected":false},"author":1,"featured_media":0,"comment_status":"closed","ping_status":"closed","sticky":false,"template":"","format":"standard","meta":{"footnotes":""},"categories":[1],"tags":[],"class_list":["post-965","post","type-post","status-publish","format-standard","hentry","category-uncategorized"],"_links":{"self":[{"href":"http:\/\/treschicdesigns.com\/blog\/wp-json\/wp\/v2\/posts\/965","targetHints":{"allow":["GET"]}}],"collection":[{"href":"http:\/\/treschicdesigns.com\/blog\/wp-json\/wp\/v2\/posts"}],"about":[{"href":"http:\/\/treschicdesigns.com\/blog\/wp-json\/wp\/v2\/types\/post"}],"author":[{"embeddable":true,"href":"http:\/\/treschicdesigns.com\/blog\/wp-json\/wp\/v2\/users\/1"}],"replies":[{"embeddable":true,"href":"http:\/\/treschicdesigns.com\/blog\/wp-json\/wp\/v2\/comments?post=965"}],"version-history":[{"count":1,"href":"http:\/\/treschicdesigns.com\/blog\/wp-json\/wp\/v2\/posts\/965\/revisions"}],"predecessor-version":[{"id":966,"href":"http:\/\/treschicdesigns.com\/blog\/wp-json\/wp\/v2\/posts\/965\/revisions\/966"}],"wp:attachment":[{"href":"http:\/\/treschicdesigns.com\/blog\/wp-json\/wp\/v2\/media?parent=965"}],"wp:term":[{"taxonomy":"category","embeddable":true,"href":"http:\/\/treschicdesigns.com\/blog\/wp-json\/wp\/v2\/categories?post=965"},{"taxonomy":"post_tag","embeddable":true,"href":"http:\/\/treschicdesigns.com\/blog\/wp-json\/wp\/v2\/tags?post=965"}],"curies":[{"name":"wp","href":"https:\/\/api.w.org\/{rel}","templated":true}]}}