{"id":959,"date":"2020-09-20T11:50:28","date_gmt":"2020-09-20T11:50:28","guid":{"rendered":"http:\/\/treschicdesigns.com\/blog\/?p=959"},"modified":"2020-09-19T08:25:05","modified_gmt":"2020-09-19T08:25:05","slug":"rencontres-alternatives-rennes-2011","status":"publish","type":"post","link":"http:\/\/treschicdesigns.com\/blog\/2020\/09\/20\/rencontres-alternatives-rennes-2011\/","title":{"rendered":"Rencontres Alternatives Rennes 2011"},"content":{"rendered":"<p> En 2012, il na r\u00e9dig\u00e9 aucune d\u00e9claration \u00e9crite. En 2013, il na r\u00e9dig\u00e9 aucun rapport parlementaire, alors quil sagit dune activit\u00e9 essentielle du mandat selon et le journaliste Jean-S\u00e9bastien Lefebvre,. Il affirme qu on ne lui en a jamais propos\u00e9 et ajoute, \u00e0 juste titre selon, que le groupe de la GUE auquel il appartient peine \u00e0 d\u00e9crocher des rapports sur des sujets importants. Mediapart, qui nuance sa perception dun parlement bloqu\u00e9 par les deux principaux groupes, souligne que des membres de son groupe comme, ou ont pris en charge des rapports et sinvestissent en commission. Traditionnellement, on distingue entre deux grandes cat\u00e9gories dinstruments pour modifier le comportement des individus causant les d\u00e9gradations environnementales. Dune part ceux qui limitent laction des agents \u00e9conomiques en leur donnant peu de flexibilit\u00e9 instruments r\u00e9glementaires et, dautre part, ceux qui, au contraire, les poussent \u00e0 trouver eux-m\u00eames les solutions pour am\u00e9liorer lenvironnement instruments \u00e9conomiques. \u039a\u03bf\u03c5\u03b9\u03b6 \u03b3\u03bd\u03c9\u03c3\u03b5\u03c9\u03bd \u03b5\u03ba\u03b1\u03c4\u03bf\u03bc\u03bc\u03c5\u03c1\u03b9\u03bf\u03c5\u03c7\u03bf\u03c2 \u03c4\u03b1 \u03c0\u03b9\u03bf \u03b5\u03c0\u03b9\u03ba\u03b9\u03bd\u03b4\u03c5\u03bd\u03b1 \u03b6\u03c9\u03b1 \u03c4\u03b7\u03c2 \u03b5\u03bb\u03bb\u03b1\u03b4\u03b1\u03c2 \u03c7\u03c1\u03b7\u03c3\u03b7 \u03ba\u03b1\u03bd\u03bd\u03b1\u03b2\u03b7\u03c2 \u03b3\u03b9\u03b1 \u03b9\u03b1\u03c4\u03c1\u03b9\u03ba\u03bf\u03c5\u03c2 \u03bb\u03bf\u03b3\u03bf\u03c5\u03c2 \u03b9\u03c6\u03b5\u03c4 \u03c4\u03b9 \u03b5\u03b9\u03bd\u03b1\u03b9 \u03ba\u03b1\u03c4\u03ac\u03c3\u03c4\u03b7\u03bc\u03b1 \u03b3\u03b5\u03c1\u03bc\u03b1\u03bd\u03cc\u03c2 \u03b2\u03c1\u03b9\u03bb\u03ae\u03c3\u03c3\u03b9\u03b1 \u03c3\u03bf\u03c5\u03c1\u03c4\u03b1 \u03c6\u03b5\u03c1\u03c4\u03b1 \u03c7\u03b1\u03bb\u03ba\u03b9\u03b4\u03b1 \u03b1\u03bc\u03b5\u03c3\u03bf \u03ba\u03b1\u03b9 \u03b5\u03bc\u03bc\u03b5\u03c3\u03bf \u03b1\u03bd\u03c4\u03b9\u03ba\u03b5\u03b9\u03bc\u03b5\u03bd\u03bf \u03c3\u03c4\u03b1 \u03b9\u03c3\u03c0\u03b1\u03bd\u03b9\u03ba\u03b1 \u03c3\u03bf\u03c5\u03af\u03c4\u03b1 \u03c3\u03c4\u03bf\u03bd \u03c0\u03b1\u03c1\u03ac\u03b4\u03b5\u03b9\u03c3\u03bf pdf \u03c0\u03bb\u03b5\u03ba\u03c4\u03bf \u03c3\u03ba\u03bf\u03c5\u03c6\u03b1\u03ba\u03b9 \u03bc\u03b5 \u03b2\u03b5\u03bb\u03bf\u03bd\u03b1\u03ba\u03b9 \u03b2\u03b9\u03bd\u03c4\u03b5\u03bf \u03c4\u03c3\u03bf\u03c5\u03c1\u03b5\u03ba\u03b9 \u03c4\u03b5\u03c1\u03ba\u03b5\u03bd\u03bb\u03b7\u03c2 \u03b1\u03b5\u03c1\u03bf\u03b4\u03c1\u03bf\u03bc\u03b9\u03bf \u03bc\u03b1\u03c1\u03b1\u03af\u03bd\u03bf\u03bc\u03b1\u03b9 \u03bf \u03ba\u03b1\u03b7\u03bc\u03ad\u03bd\u03bf\u03c2 \u03c3\u03c4\u03af\u03c7\u03bf\u03b9 \u03b4\u03b9\u03b1\u03ba\u03bf\u03c3\u03bc\u03b7\u03c3\u03b7 \u03c4\u03c1\u03b1\u03c0\u03b5\u03b6\u03b1\u03c1\u03b9\u03b1\u03c2 \u03bc\u03b5 \u03ba\u03b5\u03c1\u03b9\u03b1 \u03c0\u03b1\u03b9\u03b4\u03b9\u03ba\u03ae \u03c3\u03ba\u03b7\u03bd\u03ae \u03b9\u03ba\u03b5\u03b1 \u03bf\u03b9 \u03c0\u03c1\u03bf\u03b8\u03ad\u03c3\u03b5\u03b9\u03c2 \u03c3\u03c4\u03b1 \u03b1\u03c1\u03c7\u03b1\u03af\u03b1 \u03b5\u03bb\u03bb\u03b7\u03bd\u03b9\u03ba\u03ac \u03c4\u03c1\u03bf\u03c6\u03b9\u03ba\u03b7 \u03b4\u03c5\u03c3\u03b1\u03bd\u03b5\u03be\u03b9\u03b1 \u03b8\u03b5\u03c3\u03c3\u03b1\u03bb\u03bf\u03bd\u03b9\u03ba\u03b7 Le live DMA est un r\u00e9seau de r\u00e9seaux europ\u00e9ens. Fort dune diversit\u00e9 renforc\u00e9e par des langages diff\u00e9rents, des politiques publiques diff\u00e9rentes, des modes dorganisation et de gestion diff\u00e9rents, des structurations du secteur musical plus o\u00f9 moins r\u00e9centes selon les pays, ce r\u00e9seau a pourtant r\u00e9ussi un tour de force : travailler une observation des adh\u00e9rents de ses adh\u00e9rents \u00e0 l\u00e9chelle europ\u00e9enne. A travers lexemple du Live DMA, qui pr\u00e9sentera ses donn\u00e9es 2017, nous tenterons d\u00e9tablir ce qui permet la coop\u00e9ration dans ces dynamiques dobservation participative et partag\u00e9e. La taille des festivals : du festival de niche \u00e0 la course \u00e0 la croissance. \u0395\u03be\u03b1\u03b5\u03c1\u03c9\u03c3\u03b7 \u03ba\u03b1\u03c5\u03c3\u03c4\u03b7\u03c1\u03b1 \u03c0\u03b5\u03c4\u03c1\u03b5\u03bb\u03b1\u03b9\u03bf\u03c5 \u03c4\u03c9\u03c1\u03b1 \u03bf\u03c4\u03b9 \u03c3\u03c5\u03bc\u03b2\u03b1\u03b9\u03bd\u03b5\u03b9 2018 \u039f \u03c3\u03ba\u03bf\u03c0\u03cc\u03c2 \u03c4\u03b7\u03c2 \u03c4\u03ad\u03c7\u03bd\u03b7\u03c2 \u03b4\u03b5\u03bd \u03b5\u03af\u03bd\u03b1\u03b9 \u03bd\u03b1 \u03c0\u03b5\u03c1\u03b9\u03b3\u03c1\u03ac\u03c8\u03b5\u03b9 \u03c4\u03b7\u03bd \u03b5\u03be\u03c9\u03c4\u03b5\u03c1\u03b9\u03ba\u03ae \u03b5\u03bc\u03c6\u03ac\u03bd\u03b9\u03c3\u03b7 \u03c4\u03c9\u03bd \u03c0\u03c1\u03b1\u03b3\u03bc\u03ac\u03c4\u03c9\u03bd, \u03b1\u03bb\u03bb\u03ac \u03c4\u03b7\u03bd \u03b5\u03c3\u03c9\u03c4\u03b5\u03c1\u03b9\u03ba\u03ae \u03c3\u03b7\u03bc\u03b1\u03c3\u03af\u03b1 \u03c4\u03bf\u03c5\u03c2 Membre \u00e9lue du Conseil de lUFR Sciences Sociales depuis 2012  Conf\u00e9renciers : Johanne Bouchard et Ferdinand Richard Immersion dans les coulisses du concert de Mol\u00e9cule au Rex Club: une exp\u00e9rience sensorielle unique quil sera possible de revivre en podcast exclusif comment\u00e9 par ses principaux protagonistes artistique et techniques. <img decoding=\"async\" src=\"http:\/\/rencontreenligne.webcam\/wp-content\/uploads\/2017\/11\/photo_rencontre_alternative_rennes_2013_00.jpg\" alt=\"rencontres alternatives rennes 2011\" align=\"right\"> Les politiques culturelles en France : d\u00e9cryptage dun parcours mouvant Bahers J-B, Hellier E, Dupont N, 2015, Le beau, le bon, le vrai : interroger les normes environnementales en sciences sociales, Travaux et Documents dESO n39, octobre 2015, p.7-16 <img decoding=\"async\" src=\"http:\/\/uncanonsurlezinc.fr\/wp-content\/uploads\/2016\/12\/LOGO_UCSLZ.jpg\" alt=\"rencontres alternatives rennes 2011\" align=\"center\">  <img decoding=\"async\" src=\"http:\/\/www.oilvacsystems.com.au\/wp-content\/uploads\/2014\/11\/Coolant-maintenance-the-easy-way.jpg\" alt=\"rencontres alternatives rennes 2011\" align=\"center\"> Pour le second tour, opposant Marine Le Pen \u00e0 Emmanuel Macron, il renvoie dos \u00e0 dos les deux qualifi\u00e9s et ne donne aucune consigne de vote, refusant dappeler au contre Le Pen, alors quen 2002, il avait appel\u00e9 \u00e0 voter contre le p\u00e8re de la candidate. Il appelle \u00e0 la responsabilit\u00e9 de ses \u00e9lecteurs, tendant en grande majorit\u00e9 contre Marine Le Pen, et invite les membres de la France insoumise \u00e0 se positionner en votant sur la plate-forme Internet du mouvement, dont le r\u00e9sultat sera publi\u00e9 le 2 mai. Les membres de la plate-forme s\u00e9tant inscrits avant le 23 avril \u00e0 22 heures sont appel\u00e9s \u00e0 choisir entre l, le ou, et le vote en faveur dEmmanuel Macron seulement. Le 26 avril, Jean-Luc M\u00e9lenchon d\u00e9cide de ne pas communiquer sur son choix personnel. Selon, Jean-Luc M\u00e9lenchon a vot\u00e9 Macron, contrairement \u00e0 la plupart de ses proches ; le journaliste souligne qu il est rest\u00e9 dans la tradition des gauches et les scrupules de toute une vie. Il na pas pu le dire. Dapr\u00e8s les \u00e9tudes dopinion, les partisans de Jean-Luc M\u00e9lenchon ont vot\u00e9 majoritairement pour Macron, alors que le sondage propos\u00e9 sur la plate-forme Internet des Insoumis donnait le vote Macron \u00e0 seulement 34. Les droits culturels, fondements dune politique d\u00e9mocratique 1 Institut FEMTO-D\u00e9partement ENISYS-Universit\u00e9 de Franche-Comt\u00e9-Belfort Son grand-p\u00e8re paternel, Antonio Melench\u00f3n, est un Espagnol de la. Au d\u00e9but des ann\u00e9es 1900, il sinstalle \u00e0, en Alg\u00e9rie fran\u00e7aise, et y \u00e9pouse Aim\u00e9e Canicio, elle aussi dorigine espagnole de. Du c\u00f4t\u00e9 maternel, son grand-p\u00e8re, Fran\u00e7ois Bayonna, est n\u00e9 en 1889 pr\u00e8s de, en Espagne, et est mari\u00e9 \u00e0 Jeanne Emmanuelle Caserta, une originaire de.<\/p>\n","protected":false},"excerpt":{"rendered":"<p>rencontres alternatives rennes 2011<\/p>\n","protected":false},"author":1,"featured_media":0,"comment_status":"closed","ping_status":"closed","sticky":false,"template":"","format":"standard","meta":{"footnotes":""},"categories":[1],"tags":[],"class_list":["post-959","post","type-post","status-publish","format-standard","hentry","category-uncategorized"],"_links":{"self":[{"href":"http:\/\/treschicdesigns.com\/blog\/wp-json\/wp\/v2\/posts\/959","targetHints":{"allow":["GET"]}}],"collection":[{"href":"http:\/\/treschicdesigns.com\/blog\/wp-json\/wp\/v2\/posts"}],"about":[{"href":"http:\/\/treschicdesigns.com\/blog\/wp-json\/wp\/v2\/types\/post"}],"author":[{"embeddable":true,"href":"http:\/\/treschicdesigns.com\/blog\/wp-json\/wp\/v2\/users\/1"}],"replies":[{"embeddable":true,"href":"http:\/\/treschicdesigns.com\/blog\/wp-json\/wp\/v2\/comments?post=959"}],"version-history":[{"count":1,"href":"http:\/\/treschicdesigns.com\/blog\/wp-json\/wp\/v2\/posts\/959\/revisions"}],"predecessor-version":[{"id":960,"href":"http:\/\/treschicdesigns.com\/blog\/wp-json\/wp\/v2\/posts\/959\/revisions\/960"}],"wp:attachment":[{"href":"http:\/\/treschicdesigns.com\/blog\/wp-json\/wp\/v2\/media?parent=959"}],"wp:term":[{"taxonomy":"category","embeddable":true,"href":"http:\/\/treschicdesigns.com\/blog\/wp-json\/wp\/v2\/categories?post=959"},{"taxonomy":"post_tag","embeddable":true,"href":"http:\/\/treschicdesigns.com\/blog\/wp-json\/wp\/v2\/tags?post=959"}],"curies":[{"name":"wp","href":"https:\/\/api.w.org\/{rel}","templated":true}]}}