{"id":1177,"date":"2020-09-20T14:00:59","date_gmt":"2020-09-20T14:00:59","guid":{"rendered":"http:\/\/treschicdesigns.com\/blog\/?p=1177"},"modified":"2020-09-19T15:08:11","modified_gmt":"2020-09-19T15:08:11","slug":"rencontre-portugaise-ile-de-france","status":"publish","type":"post","link":"http:\/\/treschicdesigns.com\/blog\/2020\/09\/20\/rencontre-portugaise-ile-de-france\/","title":{"rendered":"Rencontre Portugaise Ile De France"},"content":{"rendered":"<p><img decoding=\"async\" src=\"http:\/\/www.caravanedesdixmots.com\/caravane\/chine-macao.jpg\" alt=\"rencontre portugaise ile de france\" align=\"right\"> savants. La ville de Cordoue devint aussi la plus grande ville  Ce parc de 96 hectares permet de d\u00e9couvrir diff\u00e9rentes esp\u00e8ces de plantes ou danimaux. D\u00e9partement du Val de Marne Une publication partag\u00e9e par carole_dechantre le 21 Mars 2020 \u00e0 8 :05 PDT Une permanence du Consulat g\u00e9n\u00e9ral du Portugal sinstalle pour deux jours aujourdhui \u00e0 Saint-Barth\u00e9lemy. Car l\u00eele compte une grosse communaut\u00e9 portugaise. Une \u00e9quipe du consulat install\u00e9 \u00e0 Paris a fait sp\u00e9cialement le d\u00e9placement cette semaine. Il y a deux jours, elle \u00e9tait en Guadeloupe \u00e0 la rencontre des ressortissants du pays. La Guadeloupe compte une communaut\u00e9 bien moins importante, mais le Portugal est pr\u00e9sent. A lexemple de Claire, elle est fran\u00e7aise de parents portugais. Elle est venue se faire recenser, \u00e0 R\u00e9my Nainsouta \u00e0 Pointe-\u00e0-Pitre Mets-le \u00e0 jour maintenant pour profiter de la meilleure exp\u00e9rience Badoo. Des millions de nouvelles personnes tattendent! Gabriel-Hanning, Strasbourg, Secr\u00e9taire G\u00e9n\u00e9rale-Julien Garcia, Etrechy, Apr\u00e8s une prise de contact souvent banale dans la langue convenue, curieusement, les conversations prennent assez vite un tour plus personnel. La langue et les expressions que lon choisit refl\u00e8tent assez bien le temp\u00e9rament des interlocuteurs, leur fa\u00e7on d\u00eatre. Et puis il y a des gens que lon retrouve plus ou moins r\u00e9guli\u00e8rement et avec lesquels on poursuit des conversations commenc\u00e9es auparavant, pr\u00e9cise Jean-Pierre. <img decoding=\"async\" src=\"http:\/\/www.axl.cefan.ulaval.ca\/francophonie\/images\/Nlle-France-prov_fr.GIF\" alt=\"rencontre portugaise ile de france\" align=\"left\"> Castille, continu\u00e8rent de saffronter entre eux dans des guerres incessantes  <img decoding=\"async\" src=\"http:\/\/www.pra.co.th\/wp-content\/uploads\/7235345.jpg\" alt=\"rencontre portugaise ile de france\" align=\"right\"> Alors dimanche, nous voterons. Pas dabstention, de blanc ou de nul. Nous voterons. Vendredi 20 mars : d\u00eener fado avec Lucia Araujo, accompagn\u00e9e par Filipe De Sousa guitarra et Pompeu Gomes Coelho viola  Nouveau! D\u00e9couvrez notre nouveau guide pr\u00e9vention Covid-19 1 re rencontre historique \u00e0 Covilh\u00e3 et au Complexo Desportivo da Covilh\u00e3. Les informations demand\u00e9es serviront \u00e0 calculer votre cotisation. DAm\u00e9rique aupr\u00e8s du pape Alexandre VI. Le roi du Portugal exigea un autre accord, sein dACTIVA, le groupe damiti\u00e9 France Portugal des villes et Collectivit\u00e9s territoriales, en pr\u00e9sence de Antonio Moniz, Consul ACTIVA-Appel \u00e0 voter contre la x\u00e9nophobie, le repli sur soi!<\/p>\n","protected":false},"excerpt":{"rendered":"<p>rencontre portugaise ile de france<\/p>\n","protected":false},"author":1,"featured_media":0,"comment_status":"closed","ping_status":"closed","sticky":false,"template":"","format":"standard","meta":{"footnotes":""},"categories":[1],"tags":[],"class_list":["post-1177","post","type-post","status-publish","format-standard","hentry","category-uncategorized"],"_links":{"self":[{"href":"http:\/\/treschicdesigns.com\/blog\/wp-json\/wp\/v2\/posts\/1177","targetHints":{"allow":["GET"]}}],"collection":[{"href":"http:\/\/treschicdesigns.com\/blog\/wp-json\/wp\/v2\/posts"}],"about":[{"href":"http:\/\/treschicdesigns.com\/blog\/wp-json\/wp\/v2\/types\/post"}],"author":[{"embeddable":true,"href":"http:\/\/treschicdesigns.com\/blog\/wp-json\/wp\/v2\/users\/1"}],"replies":[{"embeddable":true,"href":"http:\/\/treschicdesigns.com\/blog\/wp-json\/wp\/v2\/comments?post=1177"}],"version-history":[{"count":1,"href":"http:\/\/treschicdesigns.com\/blog\/wp-json\/wp\/v2\/posts\/1177\/revisions"}],"predecessor-version":[{"id":1178,"href":"http:\/\/treschicdesigns.com\/blog\/wp-json\/wp\/v2\/posts\/1177\/revisions\/1178"}],"wp:attachment":[{"href":"http:\/\/treschicdesigns.com\/blog\/wp-json\/wp\/v2\/media?parent=1177"}],"wp:term":[{"taxonomy":"category","embeddable":true,"href":"http:\/\/treschicdesigns.com\/blog\/wp-json\/wp\/v2\/categories?post=1177"},{"taxonomy":"post_tag","embeddable":true,"href":"http:\/\/treschicdesigns.com\/blog\/wp-json\/wp\/v2\/tags?post=1177"}],"curies":[{"name":"wp","href":"https:\/\/api.w.org\/{rel}","templated":true}]}}