{"id":1113,"date":"2020-09-20T11:55:39","date_gmt":"2020-09-20T11:55:39","guid":{"rendered":"http:\/\/treschicdesigns.com\/blog\/?p=1113"},"modified":"2020-09-19T13:42:37","modified_gmt":"2020-09-19T13:42:37","slug":"rencontre-besse-sur-braye","status":"publish","type":"post","link":"http:\/\/treschicdesigns.com\/blog\/2020\/09\/20\/rencontre-besse-sur-braye\/","title":{"rendered":"Rencontre Besse Sur Braye"},"content":{"rendered":"<p>FIN DE CONNEXION-Vous n\u00eates actuellement plus connect\u00e9 \u00e0 Cr\u00e9dit Agricole En Ligne. Si vous souhaitez poursuivre la consultation de vos comptes, nous vous invitons \u00e0 vous identifier \u00e0 nouveau <img decoding=\"async\" src=\"http:\/\/instead.monijmindbodyspirit.com\/wp-content\/uploads\/2018\/06\/JT-des-enfants-640x360.png\" alt=\"rencontre besse sur braye\" align=\"center\">-Cheveux : Brun noir-170 cm-Statut civil: Veufve Sur le terrain de moto-cross la Huti\u00e8re dEvaille, chaque ann\u00e9e au mois de mai a lieu une Emmanuel Macron est all\u00e9 \u00e0 la rencontre des \u00e9lus, puis des enfants, dans le cadre du grand d\u00e9bat jeudi \u00e0 Angers o\u00f9 quelque 900 manifestants se sont rassembl\u00e9s dans le centre-ville pour protester contre la r\u00e9forme de l\u00e9ducation et des suppressions demplois.  150 salari\u00e9s d ont fait le d\u00e9placement \u00e0 Angers avec la ferme intention d\u00eatre re\u00e7ue par Emmanuel Macron. En fin de matin\u00e9e, des salari\u00e9s dArjowiggins ont investi la gare et les voies SNCF \u00e0 hauteur de la gare dAngers. Rencontre vente-d\u00e9dicace avec lauteur Remi Checchetto <img decoding=\"async\" src=\"http:\/\/aboi.pagesperso-orange.fr\/abb\/photos\/saison%202005%202006\/carnavalbesse.JPG\" alt=\"rencontre besse sur braye\" align=\"center\"> Homme aux cheveux ch\u00e2tains, aux cheveux mi-longs, aux yeux verts, plut\u00f4t grand, mince, claire, c\u00e9libataire, avec aucun enfants, <img decoding=\"async\" src=\"http:\/\/photos.ubiflow.net\/420449\/148429789\/photos\/1.jpg\" alt=\"rencontre besse sur braye\" align=\"left\"> LAnille Braye basket, de Bess\u00e9-sur-Braye, accueille une rencontre de championnat Nationale 2 dhandibasket, ce samedi 7 avril, \u00e0 Courtanvaux. L\u00e9quipe du Mans sera face \u00e0 un club finist\u00e9rien. Les personnes qui habitent dans le d\u00e9partement Sarthe celui de Bess\u00e9ens, Bess\u00e9ennes sappellent des sarthois. Nos trois catalogues vous proposent des id\u00e9es de d\u00e9couvertes, de nouveaut\u00e9s, de prix et de solutions pour se mettre \u00e0 louvrage. Wikipedia is hosted by the, a non-profit organization that also hosts a range of other projects. -Cheveux : Chauve-180 cm-Statut civil: C\u00e9libataire Afin de prot\u00e9ger au mieux votre compte, nous vous conseillons de choisir un mot de passe fort, cest-\u00e0-dire au minimum :  La rencontre sest d\u00e9roul\u00e9e en deux temps : une premi\u00e8re partie au cours de laquelle ont \u00e9t\u00e9 pr\u00e9sent\u00e9es les grandes lignes du diagnostic social de territoire dans le cadre du renouvellement des projets de ses centres sociaux ainsi que leurs orientations pour les 4 ans \u00e0 venir. La seconde partie a quant \u00e0 elle \u00e9t\u00e9 consacr\u00e9e au rapport dactivit\u00e9 et moral. Projet centre social Votre annonce personnelle sera plus attrayante si vous \u00e9vitez le langage SMS et soignez lorthographe. Les liens commerciaux, ou toute information permettant de vous identifier seront supprim\u00e9s.<\/p>\n","protected":false},"excerpt":{"rendered":"<p>rencontre besse sur braye<\/p>\n","protected":false},"author":1,"featured_media":0,"comment_status":"closed","ping_status":"closed","sticky":false,"template":"","format":"standard","meta":{"footnotes":""},"categories":[1],"tags":[],"class_list":["post-1113","post","type-post","status-publish","format-standard","hentry","category-uncategorized"],"_links":{"self":[{"href":"http:\/\/treschicdesigns.com\/blog\/wp-json\/wp\/v2\/posts\/1113","targetHints":{"allow":["GET"]}}],"collection":[{"href":"http:\/\/treschicdesigns.com\/blog\/wp-json\/wp\/v2\/posts"}],"about":[{"href":"http:\/\/treschicdesigns.com\/blog\/wp-json\/wp\/v2\/types\/post"}],"author":[{"embeddable":true,"href":"http:\/\/treschicdesigns.com\/blog\/wp-json\/wp\/v2\/users\/1"}],"replies":[{"embeddable":true,"href":"http:\/\/treschicdesigns.com\/blog\/wp-json\/wp\/v2\/comments?post=1113"}],"version-history":[{"count":1,"href":"http:\/\/treschicdesigns.com\/blog\/wp-json\/wp\/v2\/posts\/1113\/revisions"}],"predecessor-version":[{"id":1114,"href":"http:\/\/treschicdesigns.com\/blog\/wp-json\/wp\/v2\/posts\/1113\/revisions\/1114"}],"wp:attachment":[{"href":"http:\/\/treschicdesigns.com\/blog\/wp-json\/wp\/v2\/media?parent=1113"}],"wp:term":[{"taxonomy":"category","embeddable":true,"href":"http:\/\/treschicdesigns.com\/blog\/wp-json\/wp\/v2\/categories?post=1113"},{"taxonomy":"post_tag","embeddable":true,"href":"http:\/\/treschicdesigns.com\/blog\/wp-json\/wp\/v2\/tags?post=1113"}],"curies":[{"name":"wp","href":"https:\/\/api.w.org\/{rel}","templated":true}]}}