{"id":1045,"date":"2020-09-20T04:22:21","date_gmt":"2020-09-20T04:22:21","guid":{"rendered":"http:\/\/treschicdesigns.com\/blog\/?p=1045"},"modified":"2020-09-19T11:44:49","modified_gmt":"2020-09-19T11:44:49","slug":"rencontre-du-pape-francois-et-de-benoit-xvi","status":"publish","type":"post","link":"http:\/\/treschicdesigns.com\/blog\/2020\/09\/20\/rencontre-du-pape-francois-et-de-benoit-xvi\/","title":{"rendered":"Rencontre Du Pape Fran\u00e7ois Et De Beno\u00eet Xvi"},"content":{"rendered":"<p>Le monde moderne est envahi de vieilles vertus chr\u00e9tiennes devenues folles.. Gilbert K. Chesterton Le, para\u00eet lexhortation apostolique post-synodale Africae munus, dans laquelle le pape Beno\u00eet XVI insiste sur le r\u00f4le de chaque membre de la famille mais aussi et surtout sur le r\u00f4le de l\u00c9glise en Afrique et sur la vision africaine du monde et de la religion.  On le voit, une telle opposition reste assez mod\u00e9r\u00e9e dans ses formes. Si lon quitte ces hauts dignitaires, les critiques seront-elles plus acerbes dans les milieux traditionalistes, attach\u00e9s au rite tridentin? Certains \u00e9v\u00eaques proches des traditionalistes, comme Mgr Schneider, archev\u00eaque dAstana au Kazakhstan, se situent dans une opposition plus franche. Mais un nouveau paradoxe se fait jour quand on rappelle la situation de la Fraternit\u00e9 Saint Pie X FSSPX, connue pour sa v\u00e9h\u00e9mence de ton \u00e0 l\u00e9gard de Rome : alors que son opposition \u00e0 Jean-Paul II lavait conduite \u00e0 lexcommunication en 1988, le processus de rapprochement, initi\u00e9 sous Beno\u00eet XVI en 2007-2009, semble se poursuivre in\u00e9luctablement sous Fran\u00e7ois, qui entretenait d\u00e9j\u00e0 de bons rapports avec la branche argentine de la FSSPX, et lui a accord\u00e9 la facult\u00e9 dadministrer la plupart des sacrements licitement. Tout se passe comme si Fran\u00e7ois montrait plus de compr\u00e9hension pour les int\u00e9gristes, sans doute du fait de leur z\u00e8le pastoral, que pour les conservateurs mod\u00e9r\u00e9s ratzingu\u00e9riens ou wojtyliens, parfois d\u00e9crits comme n\u00e9oconservateurs  5. Au-del\u00e0 de la curie, qui critique vraiment le Pape Fran\u00e7ois?  <img decoding=\"async\" src=\"http:\/\/www.versdemain.org\/images\/articles\/920\/benoit-xvi-c.JPG\" alt=\"rencontre du pape fran\u00e7ois et de beno\u00eet xvi\" align=\"left\"> La messe dinauguration du pontificat a lieu le en pr\u00e9sence de nombreux hauts dignitaires de la plan\u00e8te. La France est repr\u00e9sent\u00e9e par le premier ministre, et les par leur pr\u00e9sident et ses deux pr\u00e9d\u00e9cesseurs et. Dans sa premi\u00e8re, le pape Beno\u00eet XVI pr\u00e9cise quil ne va pas livrer de programme. On note toutefois que, contrairement au dialogue avec le monde et l, le dialogue avec l nest pas cit\u00e9 parmi ses priorit\u00e9s. Les deux hommes se connaissent depuis longtemps: au conclave de 2005, Jorge Bergoglio \u00e9tait le principal concurrent de Joseph Ratzinger, et repr\u00e9sentait une orientation plus ouverte et sociale parmi les cardinaux. Mais il avait pr\u00e9f\u00e9r\u00e9 se retirer de la course. Nous nous trouvons aujourdhui face au premier r\u00e9cit de gu\u00e9rison, face \u00e0 un miracle, qui est le premier r\u00e9cit de gu\u00e9rison du Livre des Actes. Celui-ci a une finalit\u00e9 missionnaire \u00e9vidente, qui vise \u00e0 susciter la foi. Pierre et Jean vont prier au Temple, centre de lexp\u00e9rience de foi dIsra\u00ebl, auquel les premiers chr\u00e9tiens sont encore fortement li\u00e9s. Les premiers chr\u00e9tiens priaient dans le Temple \u00e0 J\u00e9rusalem. Luc enregistre lheure: cest la neuvi\u00e8me heure, cest-\u00e0-dire trois heures de lapr\u00e8s-midi, quand le sacrifice \u00e9tait offert en holocauste comme signe de la communion du peuple avec son Dieu; et \u00e9galement lheure o\u00f9 le Christ est mort en soffrant lui-m\u00eame une fois pour toutes He 9, 12; 10, 10. Et \u00e0 la porte du Temple appel\u00e9e Belle la Belle Porte, ils voient un mendiant, un homme paralys\u00e9 depuis la naissance. Pourquoi cet homme \u00e9tait-il \u00e0 la porte? Parce que la Loi mosa\u00efque cf. Lv 21, 18 emp\u00eachait ceux qui avaient des handicaps physiques, consid\u00e9r\u00e9s comme la cons\u00e9quence dune faute quelconque, doffrir des sacrifices. Rappelons que, face \u00e0 un aveugle de naissance, le peuple avait demand\u00e9 \u00e0 J\u00e9sus: Qui a p\u00e9ch\u00e9, lui ou ses parents, pour quil soit n\u00e9 aveugle? Jn 9, 2. Selon cette mentalit\u00e9, il y a toujours une faute \u00e0 lorigine dune malformation. Et ensuite, lacc\u00e8s au temple leur avait m\u00eame \u00e9t\u00e9 refus\u00e9. Lestropi\u00e9, paradigme des nombreux exclus et marginalis\u00e9s, est l\u00e0, en train de demander laum\u00f4ne, comme chaque jour. Il ne pouvait pas entrer, mais il \u00e9tait \u00e0 la porte. Lorsque quelque chose dimpr\u00e9vu se produit: Pierre et Jean arrivent et un jeu de regards samorce. Lestropi\u00e9 les regarde tous les deux pour demander laum\u00f4ne, les ap\u00f4tres en revanche le fixent, linvitant \u00e0 regarder vers eux de mani\u00e8re diff\u00e9rente, pour recevoir un autre don. Lestropi\u00e9 les regarde et Pierre lui dit: De largent et de lor, je nen ai pas, mais ce que jai, je te le donne: au nom de J\u00e9sus Christ le Nazar\u00e9en, l\u00e8ve-toi et marche! Ac 3, 6. Les ap\u00f4tres ont \u00e9tabli une relation, car cest la mani\u00e8re selon laquelle Dieu aime se manifester, dans la relation, toujours dans le dialogue, toujours dans les apparitions, toujours selon linspiration du c\u0153ur: ce sont les relations de Dieu avec nous; \u00e0 travers une rencontre r\u00e9elle entre les personnes, qui ne peut se produire que dans lamour. Le retour de lEmpire, dessin\u00e9 il y a 12 si\u00e8cles par Saint Charlemagne. De nombreux th\u00e9ologiens catholiques de grand renom ont ainsi \u00e9t\u00e9 condamn\u00e9s, comme,,, Roger Haight, Andrew Fox,, Tissa Balasuriya,, et une grande partie des comme et La condamnation de par la Congr\u00e9gation en a caus\u00e9 un vif \u00e9moi et la consternation chez nombre de th\u00e9ologiens catholiques. Le grand public, encourag\u00e9 par les fantasmes de lantique Inquisition volontiers r\u00e9veill\u00e9s par les m\u00e9dias, a surtout retenu les innombrables condamnations ou r\u00e9probations, note \u00e0 ce sujet le journaliste Michel Kubler dans le quotidien catholique lors de l\u00e9lection de Beno\u00eet XVI.  Votre mot de passe doit comporter au moins 6 caract\u00e8res, sans espace. Nouveau mot de passe Cest avec une grande joie que nous vous pr\u00e9sentons le nouveau site portail des Fraternit\u00e9s de J\u00e9rusalem : Michel Kubler, Beno\u00eet XVI, pape de contre-r\u00e9forme : louverture dun pontificat, Bayard Centurion, 2005 Cette m\u00eame ann\u00e9e, il est \u00e9galement nomm\u00e9 \u00e0 la par le Pape. A quatre ou cinq reprises, jai eu loccasion de rencontrer Mgr Bergoglio dans le cadre de louverture-par l\u0152uvre Points-C\u0153ur-dun foyer pour des enfants de la rue \u00e0 Buenos Aires. Le monde AFP et Reuters,, sur lemonde.fr, 14 avril 2014. <img decoding=\"async\" src=\"http:\/\/www.africapresse.com\/wp-content\/uploads\/2016\/05\/pape-francois-472x236.jpg\" alt=\"rencontre du pape fran\u00e7ois et de beno\u00eet xvi\" align=\"left\"> J\u00e9sus de Nazareth : du bapt\u00eame dans le Jourdain \u00e0 la Transfiguration, Paris, Flammarion, 2007, ; <img decoding=\"async\" src=\"http:\/\/www.osservatoreromano.va\/vaticanresources\/images\/53977c5cacdee5d15e5f6e50da561fd0_5.jpg\" alt=\"rencontre du pape fran\u00e7ois et de beno\u00eet xvi\" align=\"center\"> Articles d\u00e9taill\u00e9s : et. Exhortations publiques Les pr\u00eatres de Lyon rencontrent les papes Benoit XVI et Fran\u00e7ois \u00e0 Rome 2020-Bayard Presse-Tous droits r\u00e9serv\u00e9s-la-croix.com est un site de la Croix Network.<\/p>\n","protected":false},"excerpt":{"rendered":"<p>rencontre du pape fran\u00e7ois et de beno\u00eet xvi<\/p>\n","protected":false},"author":1,"featured_media":0,"comment_status":"closed","ping_status":"closed","sticky":false,"template":"","format":"standard","meta":{"footnotes":""},"categories":[1],"tags":[],"class_list":["post-1045","post","type-post","status-publish","format-standard","hentry","category-uncategorized"],"_links":{"self":[{"href":"http:\/\/treschicdesigns.com\/blog\/wp-json\/wp\/v2\/posts\/1045","targetHints":{"allow":["GET"]}}],"collection":[{"href":"http:\/\/treschicdesigns.com\/blog\/wp-json\/wp\/v2\/posts"}],"about":[{"href":"http:\/\/treschicdesigns.com\/blog\/wp-json\/wp\/v2\/types\/post"}],"author":[{"embeddable":true,"href":"http:\/\/treschicdesigns.com\/blog\/wp-json\/wp\/v2\/users\/1"}],"replies":[{"embeddable":true,"href":"http:\/\/treschicdesigns.com\/blog\/wp-json\/wp\/v2\/comments?post=1045"}],"version-history":[{"count":1,"href":"http:\/\/treschicdesigns.com\/blog\/wp-json\/wp\/v2\/posts\/1045\/revisions"}],"predecessor-version":[{"id":1046,"href":"http:\/\/treschicdesigns.com\/blog\/wp-json\/wp\/v2\/posts\/1045\/revisions\/1046"}],"wp:attachment":[{"href":"http:\/\/treschicdesigns.com\/blog\/wp-json\/wp\/v2\/media?parent=1045"}],"wp:term":[{"taxonomy":"category","embeddable":true,"href":"http:\/\/treschicdesigns.com\/blog\/wp-json\/wp\/v2\/categories?post=1045"},{"taxonomy":"post_tag","embeddable":true,"href":"http:\/\/treschicdesigns.com\/blog\/wp-json\/wp\/v2\/tags?post=1045"}],"curies":[{"name":"wp","href":"https:\/\/api.w.org\/{rel}","templated":true}]}}